{"id":95404,"date":"2023-03-15T08:18:00","date_gmt":"2023-03-15T08:18:00","guid":{"rendered":"http:\/\/scandolamobili.it\/moderne-designkuchen-wie-man-sie-einrichtet\/"},"modified":"2026-07-07T14:08:14","modified_gmt":"2026-07-07T14:08:14","slug":"moderne-designkuchen-wie-man-sie-einrichtet","status":"publish","type":"post","link":"https:\/\/scandolamobili.it\/de\/moderne-designkuchen-wie-man-sie-einrichtet\/","title":{"rendered":"Moderne Designk\u00fcchen: Wie man sie einrichtet"},"content":{"rendered":"\n<p class=\"wp-block-paragraph\"><strong>Schlicht, geradlinig, aber gleichzeitig von gro\u00dfer Wirkung: Moderne Designk\u00fcchen treffen sofort ins Schwarze<\/strong>. Deshalb wollen viele von uns ihre Wohnung damit ausstatten, <strong>laufen aber oft Gefahr, in Banalit\u00e4t zu verfallen und Kompositionen oder Oberfl\u00e4chen zu w\u00e4hlen<\/strong>, die man schon oft gesehen hat, und so eine K\u00fcche zu schaffen, die nichts Originelles an sich hat. <\/p>\n\n<p class=\"wp-block-paragraph\">Eine moderne K\u00fcche zu entwerfen bedeutet nicht zwangsl\u00e4ufig, sich f\u00fcr eine geradlinige und komplett wei\u00dfe, grifflose Komposition zu entscheiden; im Gegenteil, es ist m\u00f6glich, <strong>zu experimentieren und so eine originelle und ma\u00dfgeschneiderte K\u00fcche zu schaffen<\/strong>. Im heutigen Artikel zeigen wir Ihnen, wie Sie eine originelle Designerk\u00fcche verwirklichen k\u00f6nnen. <\/p>\n\n<div style=\"height:24px\" aria-hidden=\"true\" class=\"wp-block-spacer\"><\/div>\n\n<h2 class=\"wp-block-heading\">Der Grundriss<\/h2>\n\n<div style=\"height:24px\" aria-hidden=\"true\" class=\"wp-block-spacer\"><\/div>\n\n<p class=\"wp-block-paragraph\">Moderne Designerk\u00fcchen <strong>haben in der Regel einen Inselgrundriss<\/strong>. Das liegt daran, dass moderne Wohnungen gro\u00dfe offene R\u00e4ume haben, und die beste Art, Wohnzimmer und K\u00fcche zusammenzubringen, ist eine K\u00fcche mit einer Insel oder Halbinsel. <\/p>\n\n<p class=\"wp-block-paragraph\">Wenn Ihnen dieser Stil gef\u00e4llt, Sie aber nicht \u00fcber einen so gro\u00dfen Raum verf\u00fcgen, k\u00f6nnen Sie auch auf andere L\u00f6sungen zur\u00fcckgreifen. <strong>Eine geradlinige K\u00fcche kann beispielsweise perfekt in einen rechteckigen Raum passen, oder eine traditionellere Eckk\u00fcche eignet sich perfekt f\u00fcr quadratische oder anderweitig recht gro\u00dfe R\u00e4ume<\/strong>. <\/p>\n\n<p class=\"wp-block-paragraph\">Um eine originelle, moderne Designerk\u00fcche zu entwerfen, muss man sich also nicht mit der Wahl einer K\u00fccheninsel aufhalten, sondern man sollte seine Bed\u00fcrfnisse und die Form des Raums analysieren und die Anordnung w\u00e4hlen, die am besten zu ihnen passt.<\/p>\n\n<div style=\"height:24px\" aria-hidden=\"true\" class=\"wp-block-spacer\"><\/div>\n\n<figure class=\"wp-block-image aligncenter size-large\"><img loading=\"lazy\" decoding=\"async\" width=\"819\" height=\"1024\" src=\"https:\/\/scandolamobili.it\/wp-content\/uploads\/scndl_INDUSTRIAL_comp01_part_03-819x1024.jpg\" alt=\"\" class=\"wp-image-90180\" srcset=\"https:\/\/scandolamobili.it\/wp-content\/uploads\/scndl_INDUSTRIAL_comp01_part_03-819x1024.jpg 819w, https:\/\/scandolamobili.it\/wp-content\/uploads\/scndl_INDUSTRIAL_comp01_part_03-240x300.jpg 240w, https:\/\/scandolamobili.it\/wp-content\/uploads\/scndl_INDUSTRIAL_comp01_part_03-768x960.jpg 768w, https:\/\/scandolamobili.it\/wp-content\/uploads\/scndl_INDUSTRIAL_comp01_part_03-1229x1536.jpg 1229w, https:\/\/scandolamobili.it\/wp-content\/uploads\/scndl_INDUSTRIAL_comp01_part_03-1638x2048.jpg 1638w, https:\/\/scandolamobili.it\/wp-content\/uploads\/scndl_INDUSTRIAL_comp01_part_03-scaled.jpg 2048w\" sizes=\"auto, (max-width: 819px) 100vw, 819px\" \/><\/figure>\n\n<div style=\"height:24px\" aria-hidden=\"true\" class=\"wp-block-spacer\"><\/div>\n\n<h2 class=\"wp-block-heading\">Moderne Designk\u00fcchen: die besten Kombinationen<\/h2>\n\n<div style=\"height:24px\" aria-hidden=\"true\" class=\"wp-block-spacer\"><\/div>\n\n<p class=\"wp-block-paragraph\"><strong>Ganz in Wei\u00df gehaltene<\/strong> K\u00fcchen sind sicherlich eine der popul\u00e4rsten Optionen f\u00fcr diejenigen, die sich f\u00fcr eine Designerk\u00fcche entscheiden. In Wirklichkeit <strong>ist dies keine erzwungene Wahl, sondern es gibt viele andere L\u00f6sungen<\/strong>. In der Tat ist <strong>eine komplett wei\u00dfe K\u00fcche oft schwierig zu realisieren<\/strong>, da sie dazu neigt, die Umgebung aseptisch und unattraktiv zu machen. Aber wir wissen, dass ein moderner Stil auch eine gem\u00fctliche Umgebung schaffen kann, in der man sich wirklich zu Hause f\u00fchlt.   <\/p>\n\n<p class=\"wp-block-paragraph\">Wir haben daher <strong>einige Ideen f\u00fcr die Gestaltung einer modernen Designk\u00fcche<\/strong> mit anderen Oberfl\u00e4chen und Farben als dem klassischen Wei\u00df gesammelt.<\/p>\n\n<div style=\"height:24px\" aria-hidden=\"true\" class=\"wp-block-spacer\"><\/div>\n\n<h3 class=\"wp-block-heading\">Holz und hell lackierte Oberfl\u00e4chen<\/h3>\n\n<div style=\"height:24px\" aria-hidden=\"true\" class=\"wp-block-spacer\"><\/div>\n\n<p class=\"wp-block-paragraph\"><strong>Holz ist in der Lage, die Umgebung, in der es verwendet wird, sofort zu erw\u00e4rmen<\/strong>. Warum sollte man es also nicht nutzen, um eine <strong>attraktive moderne K\u00fcche<\/strong> zu gestalten? Ideal ist es, <strong>die Holzfarbe mit hellen Lackierungen zu kombinieren<\/strong>, z. B. in Lehm, Taubengrau oder sogar Wei\u00df. Das schafft ein <strong>raffiniertes und elegantes Ambiente<\/strong>.   <\/p>\n\n<p class=\"wp-block-paragraph\">Wir lassen Ihnen einige Fotos zur Inspiration da:<\/p>\n\n<div style=\"height:24px\" aria-hidden=\"true\" class=\"wp-block-spacer\"><\/div>\n\n<figure class=\"wp-block-gallery aligncenter has-nested-images columns-1 wp-block-gallery-1 is-layout-flex wp-block-gallery-is-layout-flex\">\n<figure class=\"wp-block-image size-large\"><img loading=\"lazy\" decoding=\"async\" width=\"1024\" height=\"618\" data-id=\"90183\" src=\"https:\/\/scandolamobili.it\/wp-content\/uploads\/cucina-di-design-in-legno-di-faggio-1024x618.jpg\" alt=\"\" class=\"wp-image-90183\" srcset=\"https:\/\/scandolamobili.it\/wp-content\/uploads\/cucina-di-design-in-legno-di-faggio-1024x618.jpg 1024w, https:\/\/scandolamobili.it\/wp-content\/uploads\/cucina-di-design-in-legno-di-faggio-300x181.jpg 300w, https:\/\/scandolamobili.it\/wp-content\/uploads\/cucina-di-design-in-legno-di-faggio-768x464.jpg 768w, https:\/\/scandolamobili.it\/wp-content\/uploads\/cucina-di-design-in-legno-di-faggio-1536x928.jpg 1536w, https:\/\/scandolamobili.it\/wp-content\/uploads\/cucina-di-design-in-legno-di-faggio-2048x1237.jpg 2048w\" sizes=\"auto, (max-width: 1024px) 100vw, 1024px\" \/><\/figure>\n\n\n\n<figure class=\"wp-block-image size-large\"><img loading=\"lazy\" decoding=\"async\" width=\"1024\" height=\"682\" data-id=\"90185\" src=\"https:\/\/scandolamobili.it\/wp-content\/uploads\/scndl_DESIGN_comp02_part_04-1024x682.jpg\" alt=\"\" class=\"wp-image-90185\" srcset=\"https:\/\/scandolamobili.it\/wp-content\/uploads\/scndl_DESIGN_comp02_part_04-1024x682.jpg 1024w, https:\/\/scandolamobili.it\/wp-content\/uploads\/scndl_DESIGN_comp02_part_04-300x200.jpg 300w, https:\/\/scandolamobili.it\/wp-content\/uploads\/scndl_DESIGN_comp02_part_04-768x512.jpg 768w, https:\/\/scandolamobili.it\/wp-content\/uploads\/scndl_DESIGN_comp02_part_04-1536x1023.jpg 1536w, https:\/\/scandolamobili.it\/wp-content\/uploads\/scndl_DESIGN_comp02_part_04-2048x1364.jpg 2048w\" sizes=\"auto, (max-width: 1024px) 100vw, 1024px\" \/><\/figure>\n\n\n\n<figure class=\"wp-block-image size-large\"><img loading=\"lazy\" decoding=\"async\" width=\"1024\" height=\"686\" data-id=\"90187\" src=\"https:\/\/scandolamobili.it\/wp-content\/uploads\/scndl_DESIGN_comp02_VAR-1024x686.jpg\" alt=\"\" class=\"wp-image-90187\" srcset=\"https:\/\/scandolamobili.it\/wp-content\/uploads\/scndl_DESIGN_comp02_VAR-1024x686.jpg 1024w, https:\/\/scandolamobili.it\/wp-content\/uploads\/scndl_DESIGN_comp02_VAR-300x201.jpg 300w, https:\/\/scandolamobili.it\/wp-content\/uploads\/scndl_DESIGN_comp02_VAR-768x514.jpg 768w, https:\/\/scandolamobili.it\/wp-content\/uploads\/scndl_DESIGN_comp02_VAR-1536x1028.jpg 1536w, https:\/\/scandolamobili.it\/wp-content\/uploads\/scndl_DESIGN_comp02_VAR-2048x1371.jpg 2048w\" sizes=\"auto, (max-width: 1024px) 100vw, 1024px\" \/><\/figure>\n\n\n\n<figure class=\"wp-block-image size-large\"><img loading=\"lazy\" decoding=\"async\" width=\"1024\" height=\"683\" data-id=\"90189\" src=\"https:\/\/scandolamobili.it\/wp-content\/uploads\/scndl_CLASSIC_comp01_part_05-1024x683.jpg\" alt=\"\" class=\"wp-image-90189\" srcset=\"https:\/\/scandolamobili.it\/wp-content\/uploads\/scndl_CLASSIC_comp01_part_05-1024x683.jpg 1024w, https:\/\/scandolamobili.it\/wp-content\/uploads\/scndl_CLASSIC_comp01_part_05-300x200.jpg 300w, https:\/\/scandolamobili.it\/wp-content\/uploads\/scndl_CLASSIC_comp01_part_05-768x512.jpg 768w, https:\/\/scandolamobili.it\/wp-content\/uploads\/scndl_CLASSIC_comp01_part_05-1536x1024.jpg 1536w, https:\/\/scandolamobili.it\/wp-content\/uploads\/scndl_CLASSIC_comp01_part_05-2048x1365.jpg 2048w\" sizes=\"auto, (max-width: 1024px) 100vw, 1024px\" \/><\/figure>\n\n\n\n<figure class=\"wp-block-image size-large\"><img loading=\"lazy\" decoding=\"async\" width=\"1024\" height=\"683\" data-id=\"90191\" src=\"https:\/\/scandolamobili.it\/wp-content\/uploads\/scndl_CLASSIC_comp02_part_03-1024x683.jpg\" alt=\"\" class=\"wp-image-90191\" srcset=\"https:\/\/scandolamobili.it\/wp-content\/uploads\/scndl_CLASSIC_comp02_part_03-1024x683.jpg 1024w, https:\/\/scandolamobili.it\/wp-content\/uploads\/scndl_CLASSIC_comp02_part_03-300x200.jpg 300w, https:\/\/scandolamobili.it\/wp-content\/uploads\/scndl_CLASSIC_comp02_part_03-768x512.jpg 768w, https:\/\/scandolamobili.it\/wp-content\/uploads\/scndl_CLASSIC_comp02_part_03-1536x1024.jpg 1536w, https:\/\/scandolamobili.it\/wp-content\/uploads\/scndl_CLASSIC_comp02_part_03-2048x1365.jpg 2048w\" sizes=\"auto, (max-width: 1024px) 100vw, 1024px\" \/><\/figure>\n\n\n\n<figure class=\"wp-block-image size-large\"><img loading=\"lazy\" decoding=\"async\" width=\"1024\" height=\"632\" data-id=\"90193\" src=\"https:\/\/scandolamobili.it\/wp-content\/uploads\/scndl_CLASSIC_comp02_VAR21-1024x632.jpg\" alt=\"\" class=\"wp-image-90193\" srcset=\"https:\/\/scandolamobili.it\/wp-content\/uploads\/scndl_CLASSIC_comp02_VAR21-1024x632.jpg 1024w, https:\/\/scandolamobili.it\/wp-content\/uploads\/scndl_CLASSIC_comp02_VAR21-300x185.jpg 300w, https:\/\/scandolamobili.it\/wp-content\/uploads\/scndl_CLASSIC_comp02_VAR21-768x474.jpg 768w, https:\/\/scandolamobili.it\/wp-content\/uploads\/scndl_CLASSIC_comp02_VAR21-1536x948.jpg 1536w, https:\/\/scandolamobili.it\/wp-content\/uploads\/scndl_CLASSIC_comp02_VAR21-2048x1264.jpg 2048w\" sizes=\"auto, (max-width: 1024px) 100vw, 1024px\" \/><\/figure>\n<\/figure>\n\n<div style=\"height:24px\" aria-hidden=\"true\" class=\"wp-block-spacer\"><\/div>\n\n<h3 class=\"wp-block-heading\">Das Spiel mit den Kontrasten<\/h3>\n\n<div style=\"height:24px\" aria-hidden=\"true\" class=\"wp-block-spacer\"><\/div>\n\n<p class=\"wp-block-paragraph\">Wenn Sie <strong>Ihrer K\u00fcchengestaltung<\/strong> einen <strong>markanten Charakter<\/strong> verleihen m\u00f6chten, dann ist das <strong>Spiel mit Kontrasten<\/strong> zweifellos die beste L\u00f6sung. <strong>Schwarz und Wei\u00df<\/strong> ist oft die beliebteste Wahl, doch lassen sich auch<strong> weniger markante und elegantere Kontraste<\/strong> schaffen, wie beispielsweise <strong>Wei\u00df und Grau oder helle Farbt\u00f6ne und dunkles Holz, oder auch lebhaftere Kontraste wie Schwarz und Rot<\/strong>.<\/p>\n\n<p class=\"wp-block-paragraph\">Sie brauchen Fotos zur Inspiration? Hier sind unsere! <\/p>\n\n<div style=\"height:24px\" aria-hidden=\"true\" class=\"wp-block-spacer\"><\/div>\n\n<figure class=\"wp-block-gallery has-nested-images columns-1 wp-block-gallery-2 is-layout-flex wp-block-gallery-is-layout-flex\">\n<figure class=\"wp-block-image size-large\"><img loading=\"lazy\" decoding=\"async\" width=\"1024\" height=\"682\" data-id=\"90196\" src=\"https:\/\/scandolamobili.it\/wp-content\/uploads\/scndl_INDUSTRIAL_comp01_part_05-1024x682.jpg\" alt=\"\" class=\"wp-image-90196\" srcset=\"https:\/\/scandolamobili.it\/wp-content\/uploads\/scndl_INDUSTRIAL_comp01_part_05-1024x682.jpg 1024w, https:\/\/scandolamobili.it\/wp-content\/uploads\/scndl_INDUSTRIAL_comp01_part_05-300x200.jpg 300w, https:\/\/scandolamobili.it\/wp-content\/uploads\/scndl_INDUSTRIAL_comp01_part_05-768x512.jpg 768w, https:\/\/scandolamobili.it\/wp-content\/uploads\/scndl_INDUSTRIAL_comp01_part_05-1536x1023.jpg 1536w, https:\/\/scandolamobili.it\/wp-content\/uploads\/scndl_INDUSTRIAL_comp01_part_05-2048x1364.jpg 2048w\" sizes=\"auto, (max-width: 1024px) 100vw, 1024px\" \/><\/figure>\n\n\n\n<figure class=\"wp-block-image size-large\"><img loading=\"lazy\" decoding=\"async\" width=\"1024\" height=\"682\" data-id=\"90199\" src=\"https:\/\/scandolamobili.it\/wp-content\/uploads\/scndl_INDUSTRIAL_comp01_VAR21-1024x682.jpg\" alt=\"\" class=\"wp-image-90199\" srcset=\"https:\/\/scandolamobili.it\/wp-content\/uploads\/scndl_INDUSTRIAL_comp01_VAR21-1024x682.jpg 1024w, https:\/\/scandolamobili.it\/wp-content\/uploads\/scndl_INDUSTRIAL_comp01_VAR21-300x200.jpg 300w, https:\/\/scandolamobili.it\/wp-content\/uploads\/scndl_INDUSTRIAL_comp01_VAR21-768x512.jpg 768w, https:\/\/scandolamobili.it\/wp-content\/uploads\/scndl_INDUSTRIAL_comp01_VAR21-1536x1023.jpg 1536w, https:\/\/scandolamobili.it\/wp-content\/uploads\/scndl_INDUSTRIAL_comp01_VAR21-2048x1364.jpg 2048w\" sizes=\"auto, (max-width: 1024px) 100vw, 1024px\" \/><\/figure>\n\n\n\n<figure class=\"wp-block-image size-large\"><img loading=\"lazy\" decoding=\"async\" width=\"1024\" height=\"680\" data-id=\"90201\" src=\"https:\/\/scandolamobili.it\/wp-content\/uploads\/scndl_INDUSTRIAL_comp02_part_03-1024x680.jpg\" alt=\"\" class=\"wp-image-90201\" srcset=\"https:\/\/scandolamobili.it\/wp-content\/uploads\/scndl_INDUSTRIAL_comp02_part_03-1024x680.jpg 1024w, https:\/\/scandolamobili.it\/wp-content\/uploads\/scndl_INDUSTRIAL_comp02_part_03-300x199.jpg 300w, https:\/\/scandolamobili.it\/wp-content\/uploads\/scndl_INDUSTRIAL_comp02_part_03-768x510.jpg 768w, https:\/\/scandolamobili.it\/wp-content\/uploads\/scndl_INDUSTRIAL_comp02_part_03-1536x1021.jpg 1536w, https:\/\/scandolamobili.it\/wp-content\/uploads\/scndl_INDUSTRIAL_comp02_part_03-2048x1361.jpg 2048w\" sizes=\"auto, (max-width: 1024px) 100vw, 1024px\" \/><\/figure>\n\n\n\n<figure class=\"wp-block-image size-large\"><img loading=\"lazy\" decoding=\"async\" width=\"1024\" height=\"682\" data-id=\"90203\" src=\"https:\/\/scandolamobili.it\/wp-content\/uploads\/scndl_INDUSTRIAL_comp02_VAR21-1024x682.jpg\" alt=\"\" class=\"wp-image-90203\" srcset=\"https:\/\/scandolamobili.it\/wp-content\/uploads\/scndl_INDUSTRIAL_comp02_VAR21-1024x682.jpg 1024w, https:\/\/scandolamobili.it\/wp-content\/uploads\/scndl_INDUSTRIAL_comp02_VAR21-300x200.jpg 300w, https:\/\/scandolamobili.it\/wp-content\/uploads\/scndl_INDUSTRIAL_comp02_VAR21-768x511.jpg 768w, https:\/\/scandolamobili.it\/wp-content\/uploads\/scndl_INDUSTRIAL_comp02_VAR21-1536x1022.jpg 1536w, https:\/\/scandolamobili.it\/wp-content\/uploads\/scndl_INDUSTRIAL_comp02_VAR21-2048x1363.jpg 2048w\" sizes=\"auto, (max-width: 1024px) 100vw, 1024px\" \/><\/figure>\n\n\n\n<figure class=\"wp-block-image size-large\"><img loading=\"lazy\" decoding=\"async\" width=\"1024\" height=\"632\" data-id=\"90205\" src=\"https:\/\/scandolamobili.it\/wp-content\/uploads\/scndl_CLASSIC_comp02_VAR211-1024x632.jpg\" alt=\"\" class=\"wp-image-90205\" srcset=\"https:\/\/scandolamobili.it\/wp-content\/uploads\/scndl_CLASSIC_comp02_VAR211-1024x632.jpg 1024w, https:\/\/scandolamobili.it\/wp-content\/uploads\/scndl_CLASSIC_comp02_VAR211-300x185.jpg 300w, https:\/\/scandolamobili.it\/wp-content\/uploads\/scndl_CLASSIC_comp02_VAR211-768x474.jpg 768w, https:\/\/scandolamobili.it\/wp-content\/uploads\/scndl_CLASSIC_comp02_VAR211-1536x948.jpg 1536w, https:\/\/scandolamobili.it\/wp-content\/uploads\/scndl_CLASSIC_comp02_VAR211-2048x1264.jpg 2048w\" sizes=\"auto, (max-width: 1024px) 100vw, 1024px\" \/><\/figure>\n<\/figure>\n\n<div style=\"height:24px\" aria-hidden=\"true\" class=\"wp-block-spacer\"><\/div>\n\n<p class=\"wp-block-paragraph\">Das Entwerfen origineller, moderner Designk\u00fcchen ist einfach, wenn Sie unseren Ratschl\u00e4gen und Beispielen folgen.<\/p>\n\n<div style=\"height:24px\" aria-hidden=\"true\" class=\"wp-block-spacer\"><\/div>\n\n<hr class=\"wp-block-separator has-css-opacity\"\/>\n","protected":false},"excerpt":{"rendered":"<p>Moderne Designk\u00fcchen: So machen Sie sie originell.<\/p>\n","protected":false},"author":6,"featured_media":95405,"comment_status":"closed","ping_status":"close","sticky":false,"template":"","format":"standard","meta":{"_acf_changed":false,"footnotes":""},"categories":[349],"tags":[354],"class_list":["post-95404","post","type-post","status-publish","format-standard","has-post-thumbnail","hentry","category-tipps","tag-kuche"],"acf":[],"_links":{"self":[{"href":"https:\/\/scandolamobili.it\/de\/wp-json\/wp\/v2\/posts\/95404","targetHints":{"allow":["GET"]}}],"collection":[{"href":"https:\/\/scandolamobili.it\/de\/wp-json\/wp\/v2\/posts"}],"about":[{"href":"https:\/\/scandolamobili.it\/de\/wp-json\/wp\/v2\/types\/post"}],"author":[{"embeddable":true,"href":"https:\/\/scandolamobili.it\/de\/wp-json\/wp\/v2\/users\/6"}],"replies":[{"embeddable":true,"href":"https:\/\/scandolamobili.it\/de\/wp-json\/wp\/v2\/comments?post=95404"}],"version-history":[{"count":3,"href":"https:\/\/scandolamobili.it\/de\/wp-json\/wp\/v2\/posts\/95404\/revisions"}],"predecessor-version":[{"id":114310,"href":"https:\/\/scandolamobili.it\/de\/wp-json\/wp\/v2\/posts\/95404\/revisions\/114310"}],"wp:featuredmedia":[{"embeddable":true,"href":"https:\/\/scandolamobili.it\/de\/wp-json\/wp\/v2\/media\/95405"}],"wp:attachment":[{"href":"https:\/\/scandolamobili.it\/de\/wp-json\/wp\/v2\/media?parent=95404"}],"wp:term":[{"taxonomy":"category","embeddable":true,"href":"https:\/\/scandolamobili.it\/de\/wp-json\/wp\/v2\/categories?post=95404"},{"taxonomy":"post_tag","embeddable":true,"href":"https:\/\/scandolamobili.it\/de\/wp-json\/wp\/v2\/tags?post=95404"}],"curies":[{"name":"wp","href":"https:\/\/api.w.org\/{rel}","templated":true}]}}